{"id":188,"date":"2021-05-01T16:31:06","date_gmt":"2021-05-01T14:31:06","guid":{"rendered":"https:\/\/www.pole-de-lumiere-lourdes.com\/blog\/?p=188"},"modified":"2021-05-01T16:31:06","modified_gmt":"2021-05-01T14:31:06","slug":"une-tres-bonne-nouvelle","status":"publish","type":"post","link":"https:\/\/www.pole-de-lumiere-lourdes.com\/blog\/index.php\/2021\/05\/01\/une-tres-bonne-nouvelle\/","title":{"rendered":"Une tr\u00e8s bonne nouvelle !"},"content":{"rendered":"<p>Bonjour \u00e0 tous et \u00e0 toutes,<\/p>\n<p>C&rsquo;est une joie pour nous tous Claire-Marie, moi-m\u00eame, le bureau de l\u2019association et administrateur\u00a0 de vous annoncer que l&rsquo;association est propri\u00e9taire de cette maison d&rsquo;accueil depuis le mercredi 28 avril\u00a0 et qui se nomme \u00ab\u00a0Maison BETHANIE\u00a0\u00bb.<\/p>\n<p>Nous saluons par ailleurs la g\u00e9n\u00e9rosit\u00e9 de tous ceux qui ont permis de r\u00e9aliser l&rsquo;achat de cette maison et avec une reconnaissance particuli\u00e8re au principal donateur sans qui nous n&rsquo;aurions pas pu r\u00e9aliser ce que le Seigneur avait pr\u00e9vue par avance.<\/p>\n<p><img loading=\"lazy\" class=\"alignnone size-medium wp-image-191\" src=\"https:\/\/www.pole-de-lumiere-lourdes.com\/blog\/wp-content\/uploads\/2021\/05\/photo-maison-Bethanie-2-300x225.jpg\" alt=\"\" width=\"300\" height=\"225\" srcset=\"https:\/\/www.pole-de-lumiere-lourdes.com\/blog\/wp-content\/uploads\/2021\/05\/photo-maison-Bethanie-2-300x225.jpg 300w, https:\/\/www.pole-de-lumiere-lourdes.com\/blog\/wp-content\/uploads\/2021\/05\/photo-maison-Bethanie-2-1024x768.jpg 1024w, https:\/\/www.pole-de-lumiere-lourdes.com\/blog\/wp-content\/uploads\/2021\/05\/photo-maison-Bethanie-2-768x576.jpg 768w, https:\/\/www.pole-de-lumiere-lourdes.com\/blog\/wp-content\/uploads\/2021\/05\/photo-maison-Bethanie-2-1536x1152.jpg 1536w, https:\/\/www.pole-de-lumiere-lourdes.com\/blog\/wp-content\/uploads\/2021\/05\/photo-maison-Bethanie-2-2048x1536.jpg 2048w, https:\/\/www.pole-de-lumiere-lourdes.com\/blog\/wp-content\/uploads\/2021\/05\/photo-maison-Bethanie-2-80x60.jpg 80w\" sizes=\"(max-width: 300px) 100vw, 300px\" \/><\/p>\n<p>Nous remercions aussi tous les adh\u00e9rents pr\u00e9sents d\u00e9j\u00e0 dans l&rsquo;association et tous ceux qui viendront les rejoindre qui permettra \u00e0 l\u2019\u0153uvre de se d\u00e9velopper.<\/p>\n<p>Vous permettrez aussi que je vous dise que si cette maison accueillera toutes le familles avec leur enfant porteurs d&rsquo;un handicap il reste n\u00e9anmoins \u00e0 faire de petites transformations, puisqu&rsquo;il s&rsquo;agit d&rsquo;une annexe d&rsquo;hotel n&rsquo;ayant pas de cuisine, pas de salle pour les repas et surtout une chapelle que nous souhaiterions r\u00e9aliser au plus vite avant les premiers accueils .<\/p>\n<p>Pour cela il nous faut transformer 3 chambres. Ces travaux consistent \u00e0 abattre 3 cloisons, puis des travaux d&rsquo;\u00e9lectricit\u00e9 et plomberie. Donc, nous faisons appel \u00e0 ceux et celles qui avec g\u00e9n\u00e9rosit\u00e9 pourraient \u00e9ventuellement nous aider. Des petites gouttes d&rsquo;eau peuvent former de grandes rivi\u00e8res comme savait tr\u00e8s bien dire M\u00e8re Th\u00e9r\u00e9sa que j&rsquo;admire beaucoup.<\/p>\n<p>Nous avons pens\u00e9 aussi qu&rsquo;il serait important comme je l&rsquo;ai dis ci-dessus de commencer par la chapelle car c&rsquo;est \u00ab\u00a0la Pierre\u00a0 d&rsquo;angle\u00a0\u00bb de l\u2019\u0153uvre. Nous ne pouvons \u0153uvrer que si nous nous confions au Seigneur par la pri\u00e8re et nous mettre \u00e0 son service.<\/p>\n<p><img loading=\"lazy\" class=\"alignnone size-medium wp-image-190\" src=\"https:\/\/www.pole-de-lumiere-lourdes.com\/blog\/wp-content\/uploads\/2021\/05\/Photo-maison-Bethanie-3-300x225.jpg\" alt=\"\" width=\"300\" height=\"225\" srcset=\"https:\/\/www.pole-de-lumiere-lourdes.com\/blog\/wp-content\/uploads\/2021\/05\/Photo-maison-Bethanie-3-300x225.jpg 300w, https:\/\/www.pole-de-lumiere-lourdes.com\/blog\/wp-content\/uploads\/2021\/05\/Photo-maison-Bethanie-3-1024x768.jpg 1024w, https:\/\/www.pole-de-lumiere-lourdes.com\/blog\/wp-content\/uploads\/2021\/05\/Photo-maison-Bethanie-3-768x576.jpg 768w, https:\/\/www.pole-de-lumiere-lourdes.com\/blog\/wp-content\/uploads\/2021\/05\/Photo-maison-Bethanie-3-1536x1152.jpg 1536w, https:\/\/www.pole-de-lumiere-lourdes.com\/blog\/wp-content\/uploads\/2021\/05\/Photo-maison-Bethanie-3-2048x1536.jpg 2048w, https:\/\/www.pole-de-lumiere-lourdes.com\/blog\/wp-content\/uploads\/2021\/05\/Photo-maison-Bethanie-3-80x60.jpg 80w\" sizes=\"(max-width: 300px) 100vw, 300px\" \/><\/p>\n<p>Nous vous remercions de la confiance que vous nous accordez pour avancer et nous mettre au service de ces familles et mamans que cette maison accueillera, en pensant que B\u00e9thanie \u00e9tait le lieu o\u00f9 J\u00e9sus venait et aimait se reposer avec Lazare, Marthe et Marie en sachant qu&rsquo;ils \u00e9taient \u00e0 l&rsquo;\u00e9coute du ma\u00eetre. Alors merci de vos pri\u00e8res pour que nous puissions nous aussi reconnaitre qu&rsquo;\u00e0 chaque fois que nous acueillerons ces familles avec leurs enfants diff\u00e9rents nous sachions reconna\u00eetre que nous accueillons JESUS.<\/p>\n<p>N&rsquo;h\u00e9sitez pas \u00e0 parler de cette maison autour de vous et soyez assur\u00e9 de notre pri\u00e8re aupr\u00e8s de la Vierge Marie ici \u00e0 Lourdes.<\/p>\n<p>&nbsp;<\/p>\n","protected":false},"excerpt":{"rendered":"<p>Bonjour \u00e0 tous et \u00e0 toutes, C&rsquo;est une joie pour nous tous Claire-Marie, moi-m\u00eame, le bureau de l\u2019association et administrateur\u00a0 de vous annoncer que l&rsquo;association &hellip; <\/p>\n","protected":false},"author":3,"featured_media":192,"comment_status":"open","ping_status":"open","sticky":false,"template":"","format":"standard","meta":[],"categories":[3],"tags":[],"_links":{"self":[{"href":"https:\/\/www.pole-de-lumiere-lourdes.com\/blog\/index.php\/wp-json\/wp\/v2\/posts\/188"}],"collection":[{"href":"https:\/\/www.pole-de-lumiere-lourdes.com\/blog\/index.php\/wp-json\/wp\/v2\/posts"}],"about":[{"href":"https:\/\/www.pole-de-lumiere-lourdes.com\/blog\/index.php\/wp-json\/wp\/v2\/types\/post"}],"author":[{"embeddable":true,"href":"https:\/\/www.pole-de-lumiere-lourdes.com\/blog\/index.php\/wp-json\/wp\/v2\/users\/3"}],"replies":[{"embeddable":true,"href":"https:\/\/www.pole-de-lumiere-lourdes.com\/blog\/index.php\/wp-json\/wp\/v2\/comments?post=188"}],"version-history":[{"count":3,"href":"https:\/\/www.pole-de-lumiere-lourdes.com\/blog\/index.php\/wp-json\/wp\/v2\/posts\/188\/revisions"}],"predecessor-version":[{"id":200,"href":"https:\/\/www.pole-de-lumiere-lourdes.com\/blog\/index.php\/wp-json\/wp\/v2\/posts\/188\/revisions\/200"}],"wp:featuredmedia":[{"embeddable":true,"href":"https:\/\/www.pole-de-lumiere-lourdes.com\/blog\/index.php\/wp-json\/wp\/v2\/media\/192"}],"wp:attachment":[{"href":"https:\/\/www.pole-de-lumiere-lourdes.com\/blog\/index.php\/wp-json\/wp\/v2\/media?parent=188"}],"wp:term":[{"taxonomy":"category","embeddable":true,"href":"https:\/\/www.pole-de-lumiere-lourdes.com\/blog\/index.php\/wp-json\/wp\/v2\/categories?post=188"},{"taxonomy":"post_tag","embeddable":true,"href":"https:\/\/www.pole-de-lumiere-lourdes.com\/blog\/index.php\/wp-json\/wp\/v2\/tags?post=188"}],"curies":[{"name":"wp","href":"https:\/\/api.w.org\/{rel}","templated":true}]}}