{"id":228,"date":"2021-06-15T19:02:30","date_gmt":"2021-06-15T17:02:30","guid":{"rendered":"https:\/\/www.pole-de-lumiere-lourdes.com\/blog\/?p=228"},"modified":"2021-06-15T19:06:07","modified_gmt":"2021-06-15T17:06:07","slug":"quelques-nouvelles-de-la-maison-bethanie-travaux-en-cours","status":"publish","type":"post","link":"https:\/\/www.pole-de-lumiere-lourdes.com\/blog\/index.php\/2021\/06\/15\/quelques-nouvelles-de-la-maison-bethanie-travaux-en-cours\/","title":{"rendered":"Quelques nouvelles de la Maison B\u00e9thanie. Travaux en cours&#8230;."},"content":{"rendered":"<p>Bonjour \u00e0 tous nos adh\u00e9rents et amis de la maison B\u00e9thanie,<\/p>\n<p>La Maison B\u00e9thanie se transforme ! !\u00a0 Travaux oblige ! cette maison \u00e9tait l&rsquo;annexe d&rsquo;un h\u00f4tel et n&rsquo;avait que des chambres !<\/p>\n<p>4 chambres ont \u00e9t\u00e9 r\u00e9quisitionn\u00e9es &#8230;.. Une pour la chapelle, deux pour la salle \u00e0 manger et une pour la cuisine.<\/p>\n<p>Nous vous partageons donc l\u2019avanc\u00e9e des travaux par ces photos en ayant privil\u00e9gi\u00e9 la chapelle en premier qui sera le centre de cette maison et sera termin\u00e9e je le pense d\u00e9but juillet.<\/p>\n<figure id=\"attachment_226\" aria-describedby=\"caption-attachment-226\" style=\"width: 225px\" class=\"wp-caption alignnone\"><img loading=\"lazy\" class=\"size-medium wp-image-226\" src=\"https:\/\/www.pole-de-lumiere-lourdes.com\/blog\/wp-content\/uploads\/2021\/06\/IMG_20210615_155715-225x300.jpg\" alt=\"\" width=\"225\" height=\"300\" srcset=\"https:\/\/www.pole-de-lumiere-lourdes.com\/blog\/wp-content\/uploads\/2021\/06\/IMG_20210615_155715-225x300.jpg 225w, https:\/\/www.pole-de-lumiere-lourdes.com\/blog\/wp-content\/uploads\/2021\/06\/IMG_20210615_155715-768x1024.jpg 768w, https:\/\/www.pole-de-lumiere-lourdes.com\/blog\/wp-content\/uploads\/2021\/06\/IMG_20210615_155715-1152x1536.jpg 1152w, https:\/\/www.pole-de-lumiere-lourdes.com\/blog\/wp-content\/uploads\/2021\/06\/IMG_20210615_155715-1536x2048.jpg 1536w, https:\/\/www.pole-de-lumiere-lourdes.com\/blog\/wp-content\/uploads\/2021\/06\/IMG_20210615_155715-45x60.jpg 45w, https:\/\/www.pole-de-lumiere-lourdes.com\/blog\/wp-content\/uploads\/2021\/06\/IMG_20210615_155715-scaled.jpg 1920w\" sizes=\"(max-width: 225px) 100vw, 225px\" \/><figcaption id=\"caption-attachment-226\" class=\"wp-caption-text\">Future salle manger.<br \/>2 chambres transform\u00e9es !&#8230;<br \/>Cloisons abattues.<\/figcaption><\/figure>\n<figure id=\"attachment_224\" aria-describedby=\"caption-attachment-224\" style=\"width: 300px\" class=\"wp-caption alignnone\"><img loading=\"lazy\" class=\"size-medium wp-image-224\" src=\"https:\/\/www.pole-de-lumiere-lourdes.com\/blog\/wp-content\/uploads\/2021\/06\/IMG_20210615_160018-300x225.jpg\" alt=\"\" width=\"300\" height=\"225\" srcset=\"https:\/\/www.pole-de-lumiere-lourdes.com\/blog\/wp-content\/uploads\/2021\/06\/IMG_20210615_160018-300x225.jpg 300w, https:\/\/www.pole-de-lumiere-lourdes.com\/blog\/wp-content\/uploads\/2021\/06\/IMG_20210615_160018-1024x768.jpg 1024w, https:\/\/www.pole-de-lumiere-lourdes.com\/blog\/wp-content\/uploads\/2021\/06\/IMG_20210615_160018-768x576.jpg 768w, https:\/\/www.pole-de-lumiere-lourdes.com\/blog\/wp-content\/uploads\/2021\/06\/IMG_20210615_160018-1536x1152.jpg 1536w, https:\/\/www.pole-de-lumiere-lourdes.com\/blog\/wp-content\/uploads\/2021\/06\/IMG_20210615_160018-2048x1536.jpg 2048w, https:\/\/www.pole-de-lumiere-lourdes.com\/blog\/wp-content\/uploads\/2021\/06\/IMG_20210615_160018-80x60.jpg 80w\" sizes=\"(max-width: 300px) 100vw, 300px\" \/><figcaption id=\"caption-attachment-224\" class=\"wp-caption-text\">Future cuisine.<br \/>1 autre chambre transform\u00e9e !..<\/figcaption><\/figure>\n<figure id=\"attachment_221\" aria-describedby=\"caption-attachment-221\" style=\"width: 225px\" class=\"wp-caption alignnone\"><img loading=\"lazy\" class=\"size-medium wp-image-221\" src=\"https:\/\/www.pole-de-lumiere-lourdes.com\/blog\/wp-content\/uploads\/2021\/06\/IMG_20210615_160346-225x300.jpg\" alt=\"\" width=\"225\" height=\"300\" srcset=\"https:\/\/www.pole-de-lumiere-lourdes.com\/blog\/wp-content\/uploads\/2021\/06\/IMG_20210615_160346-225x300.jpg 225w, https:\/\/www.pole-de-lumiere-lourdes.com\/blog\/wp-content\/uploads\/2021\/06\/IMG_20210615_160346-768x1024.jpg 768w, https:\/\/www.pole-de-lumiere-lourdes.com\/blog\/wp-content\/uploads\/2021\/06\/IMG_20210615_160346-1152x1536.jpg 1152w, https:\/\/www.pole-de-lumiere-lourdes.com\/blog\/wp-content\/uploads\/2021\/06\/IMG_20210615_160346-1536x2048.jpg 1536w, https:\/\/www.pole-de-lumiere-lourdes.com\/blog\/wp-content\/uploads\/2021\/06\/IMG_20210615_160346-45x60.jpg 45w, https:\/\/www.pole-de-lumiere-lourdes.com\/blog\/wp-content\/uploads\/2021\/06\/IMG_20210615_160346-scaled.jpg 1920w\" sizes=\"(max-width: 225px) 100vw, 225px\" \/><figcaption id=\"caption-attachment-221\" class=\"wp-caption-text\">Derni\u00e8re chambre transform\u00e9e !&#8230;<br \/>La future chapelle.<\/figcaption><\/figure>\n<p>Nous ne manquerons pas de vous tenir au courant de la suite avec bien s\u00fbr d&rsquo;autres photos !<\/p>\n<p>Si vous avez des questions \u00e0 nous poser n\u2019h\u00e9sitez pas de laisser un commentaire nous vous r\u00e9pondrons.<\/p>\n<p>Nous vous assurons de notre pri\u00e8re.<\/p>\n<p>&nbsp;<\/p>\n<p>&nbsp;<\/p>\n<p>&nbsp;<\/p>\n","protected":false},"excerpt":{"rendered":"<p>Bonjour \u00e0 tous nos adh\u00e9rents et amis de la maison B\u00e9thanie, La Maison B\u00e9thanie se transforme ! !\u00a0 Travaux oblige ! cette maison \u00e9tait l&rsquo;annexe &hellip; <\/p>\n","protected":false},"author":3,"featured_media":227,"comment_status":"open","ping_status":"open","sticky":false,"template":"","format":"standard","meta":[],"categories":[4],"tags":[],"_links":{"self":[{"href":"https:\/\/www.pole-de-lumiere-lourdes.com\/blog\/index.php\/wp-json\/wp\/v2\/posts\/228"}],"collection":[{"href":"https:\/\/www.pole-de-lumiere-lourdes.com\/blog\/index.php\/wp-json\/wp\/v2\/posts"}],"about":[{"href":"https:\/\/www.pole-de-lumiere-lourdes.com\/blog\/index.php\/wp-json\/wp\/v2\/types\/post"}],"author":[{"embeddable":true,"href":"https:\/\/www.pole-de-lumiere-lourdes.com\/blog\/index.php\/wp-json\/wp\/v2\/users\/3"}],"replies":[{"embeddable":true,"href":"https:\/\/www.pole-de-lumiere-lourdes.com\/blog\/index.php\/wp-json\/wp\/v2\/comments?post=228"}],"version-history":[{"count":4,"href":"https:\/\/www.pole-de-lumiere-lourdes.com\/blog\/index.php\/wp-json\/wp\/v2\/posts\/228\/revisions"}],"predecessor-version":[{"id":232,"href":"https:\/\/www.pole-de-lumiere-lourdes.com\/blog\/index.php\/wp-json\/wp\/v2\/posts\/228\/revisions\/232"}],"wp:featuredmedia":[{"embeddable":true,"href":"https:\/\/www.pole-de-lumiere-lourdes.com\/blog\/index.php\/wp-json\/wp\/v2\/media\/227"}],"wp:attachment":[{"href":"https:\/\/www.pole-de-lumiere-lourdes.com\/blog\/index.php\/wp-json\/wp\/v2\/media?parent=228"}],"wp:term":[{"taxonomy":"category","embeddable":true,"href":"https:\/\/www.pole-de-lumiere-lourdes.com\/blog\/index.php\/wp-json\/wp\/v2\/categories?post=228"},{"taxonomy":"post_tag","embeddable":true,"href":"https:\/\/www.pole-de-lumiere-lourdes.com\/blog\/index.php\/wp-json\/wp\/v2\/tags?post=228"}],"curies":[{"name":"wp","href":"https:\/\/api.w.org\/{rel}","templated":true}]}}